{"id":380,"date":"2016-07-10T22:51:42","date_gmt":"2016-07-10T21:51:42","guid":{"rendered":"http:\/\/heol-cafe.com\/?p=380"},"modified":"2016-07-10T23:07:42","modified_gmt":"2016-07-10T22:07:42","slug":"debat-femmes-coreennes","status":"publish","type":"post","link":"http:\/\/heol-cafe.com\/index.php\/2016\/07\/10\/debat-femmes-coreennes\/","title":{"rendered":"D\u00e9bat : Repr\u00e9sentations et r\u00e9alit\u00e9s de la femme cor\u00e9enne"},"content":{"rendered":"<p>Cet article concernant la femme cor\u00e9enne\u00a0fait suite au premier concernant les jeunes cor\u00e9ens que vous pouvez retrouver ici.<\/p>\n<p>&nbsp;<\/p>\n<p>Le 24 dernier, nous avons assist\u00e9 \u00e0 un d\u00e9bat sur les repr\u00e9sentations et les r\u00e9alit\u00e9s de la femme cor\u00e9enne. Toujours pr\u00e9sid\u00e9 par Jean-Claude de Crescenzo, nous allons ici vous faire partager les propos ressortis lors de ce dialogue.<\/p>\n<h3 style=\"text-align: center;\">D\u00e9bat : Repr\u00e9sentations et r\u00e9alit\u00e9s de la femme cor\u00e9enne<\/h3>\n<p style=\"text-align: center;\"><em>Lieu\u00a0: M\u00e9diath\u00e8que Jean-Pierre Melville<\/em><\/p>\n<p style=\"text-align: center;\"><em>Invit\u00e9s\u00a0: Eun Hee-Kyung, Ancco et Kim Hye-Gyeong<\/em><\/p>\n<p>&nbsp;<\/p>\n<p>Encore une fois, Jean-Claude de Crescenzo introduit le d\u00e9bat en rappelant quelques caract\u00e9ristiques culturelles et historiques propres \u00e0 la Cor\u00e9e (et \u00e0 d\u2019autres pays asiatiques). Ainsi, dans les valeurs confuc\u00e9ennes, la femme est n\u00e9e de la terre tandis que l\u2019homme est n\u00e9 du ciel. La femme vient donc de l\u2019ombre et l\u2019homme de la lumi\u00e8re. Une distinction existe donc d\u00e9j\u00e0 o\u00f9 la femme est consid\u00e9r\u00e9e comme inf\u00e9rieure \u00e0 l\u2019homme et doit lui ob\u00e9ir. Pendant la premi\u00e8re dynastie, les femmes avaient pourtant un r\u00f4le plus important&#8230; Mais la Cor\u00e9e se hi\u00e9rarchise et a besoin de se construire en tant que Nation. L\u2019aristocratie a alors le pouvoir et doit se reproduire en s\u00e9curit\u00e9, un contr\u00f4le social des femmes s\u2019instaure donc. Il aurait m\u00eame exist\u00e9 une loi\u00a0 disant que la femme ne peut jouir de son propre corps et doit vivre \u00e0 part des hommes.<\/p>\n<p>En 1876, le christianisme arrive. Cette religion, instaurant l\u2019\u00e9galit\u00e9 entre homme et femme, choque le pays et peu \u00e0 peu les femmes se lib\u00e8rent. Elles ont le droit de vote d\u00e8s 1948 <em>( je tiens \u00e0 rappeler que le droit de vote en France a \u00e9t\u00e9 accord\u00e9 aux femmes qu\u2019\u00e0 partir de 1944&#8230;)<\/em>. A partir des ann\u00e9es 1960, elles veulent jouer un r\u00f4le plus actif. Elles travaillent mais ont rarement un poste \u00e0 responsabilit\u00e9, sont moins pay\u00e9es et s\u2019occupent du foyer. Les hommes, eux, travaillent beaucoup et rentrent rarement, en particulier pendant les ann\u00e9es 90 au moment de la crise. Les questions de parit\u00e9 ne se alors posent pas encore. De plus, \u00e0 la fin des ann\u00e9es 80, un sondage a montr\u00e9 que la plupart sont au foyer et acceptaient la sup\u00e9riorit\u00e9 masculine.<\/p>\n<p>N\u00e9anmoins ce rapport a chang\u00e9\u00a0: Il y a plus de femmes que d\u2019hommes \u00e0 l\u2019Universit\u00e9. Mais elles s\u2019occupent encore du foyer&#8230;<\/p>\n<figure id=\"attachment_401\" aria-describedby=\"caption-attachment-401\" style=\"width: 192px\" class=\"wp-caption aligncenter\"><img decoding=\"async\" loading=\"lazy\" class=\"size-medium wp-image-401\" src=\"http:\/\/heol-cafe.com\/wp-content\/uploads\/2016\/06\/9782842680831cadeau-de-oiseau-192x300.jpg\" alt=\"&quot;Le cadeau de l'oiseau&quot; par Eun Hee-Kyung\" width=\"192\" height=\"300\" srcset=\"http:\/\/heol-cafe.com\/wp-content\/uploads\/2016\/06\/9782842680831cadeau-de-oiseau-192x300.jpg 192w, http:\/\/heol-cafe.com\/wp-content\/uploads\/2016\/06\/9782842680831cadeau-de-oiseau-150x235.jpg 150w, http:\/\/heol-cafe.com\/wp-content\/uploads\/2016\/06\/9782842680831cadeau-de-oiseau-115x180.jpg 115w, http:\/\/heol-cafe.com\/wp-content\/uploads\/2016\/06\/9782842680831cadeau-de-oiseau.jpg 400w\" sizes=\"(max-width: 192px) 100vw, 192px\" \/><figcaption id=\"caption-attachment-401\" class=\"wp-caption-text\">\u00ab\u00a0Le cadeau de l&rsquo;oiseau\u00a0\u00bb par Eun Hee-Kyung<\/figcaption><\/figure>\n<p><strong>Eun Hee Kyung<\/strong> est la premi\u00e8re \u00e0 prendre la parole. Consid\u00e9r\u00e9e comme une auteure de romance en Cor\u00e9e, elle est d\u00e9crite comme une auteure f\u00e9ministe en France. Elle s\u2019int\u00e9resse d\u2019avantage aux relations et aux natures humaines, et elle est pr\u00e9sente au d\u00e9bat pour essayer de parler de la Cor\u00e9e actuelle. Elle raconte une anecdote int\u00e9ressante\u00a0: un jour un journaliste fran\u00e7ais s\u2019\u00e9tonne de voir peu d\u2019hommes dans les rues de S\u00e9oul et lui demande donc o\u00f9 ils se trouvent, elle se demande alors si justement ce ne sont pas les femmes qui portent en elle la vie culturelle puisqu\u2019elles sont si nombreuses. Elle pr\u00e9cise \u00e9galement de faire attention aux st\u00e9r\u00e9otypes\u00a0: toutes les cor\u00e9ennes ne sont pas identiques (nous ne parlons pas que du physique\u00a0!).<\/p>\n<p>&nbsp;<\/p>\n<p>De Crescenzo fait r\u00e9f\u00e9rence ensuite \u00e0 une association, form\u00e9e \u00e0 100% d\u2019hommes, qui pense que trop de choses sont faites pour les femmes <span style=\"color: #993300;\">(<em>D\u00e8s que je vous trouve l&rsquo;article sur cette association, je mettrai un lien! Promis!<\/em>)<\/span>. Eun Hee Kyung pr\u00e9cise que ces hommes sont format\u00e9s par la culture patriarcal, mais ne repr\u00e9sentent pas la majorit\u00e9 des hommes cor\u00e9ens, et que les valeurs confuc\u00e9ennes sont encore bien ancr\u00e9es en Cor\u00e9e. <strong>Ancco<\/strong>, auteure de bande-dessin\u00e9e, prend ensuite la parole et ajoute qu\u2019ils repr\u00e9sentent une vision d\u00e9form\u00e9e de la soci\u00e9t\u00e9\u00a0: Ils caract\u00e9risent une forme de pass\u00e9isme et veulent que les femmes soient comme leurs m\u00e8res.<\/p>\n<p>&nbsp;<\/p>\n<p>La question de r\u00e9volte revient encore une fois \u00e0 laquelle Ancco r\u00e9pond que ce n\u2019est pas une question identitaire et qu\u2019elle-m\u00eame ne se sent pas comme une victime et, au contraire, plut\u00f4t privil\u00e9gi\u00e9e compar\u00e9 \u00e0 sa m\u00e8re. Ancco se d\u00e9crit comme une \u00ab\u00a0mauvaise graine\u00a0\u00bb lorsqu\u2019elle \u00e9tait jeune. Au lyc\u00e9e, elle connaissait un monde violent et s\u2019en est sorti en devenant auteure. Dans sa BD \u00ab\u00a0<em>Mauvaises filles<\/em>\u00a0\u00bb, elle s\u2019int\u00e9resse toujours \u00e0 ces jeunes et \u00e0 cette violence et aimerait lever le voile sur le malentendu qui s\u2019est install\u00e9 entre ce rapport jeune et violence. Dans son \u0153uvre, elle met en avant l\u2019exploitation des adolescent(e)s qui n\u2019est pas un probl\u00e8me typiquement cor\u00e9en (et pas seulement sur le plan de la prostitution).<\/p>\n<figure id=\"attachment_400\" aria-describedby=\"caption-attachment-400\" style=\"width: 208px\" class=\"wp-caption aligncenter\"><img decoding=\"async\" loading=\"lazy\" class=\"wp-image-400 \" src=\"http:\/\/heol-cafe.com\/wp-content\/uploads\/2016\/06\/mauvaises-filles-couv-216x300.jpg\" alt=\"mauvaises-filles-couv\" width=\"208\" height=\"289\" srcset=\"http:\/\/heol-cafe.com\/wp-content\/uploads\/2016\/06\/mauvaises-filles-couv-216x300.jpg 216w, http:\/\/heol-cafe.com\/wp-content\/uploads\/2016\/06\/mauvaises-filles-couv-768x1067.jpg 768w, http:\/\/heol-cafe.com\/wp-content\/uploads\/2016\/06\/mauvaises-filles-couv-737x1024.jpg 737w, http:\/\/heol-cafe.com\/wp-content\/uploads\/2016\/06\/mauvaises-filles-couv-150x208.jpg 150w, http:\/\/heol-cafe.com\/wp-content\/uploads\/2016\/06\/mauvaises-filles-couv-600x834.jpg 600w, http:\/\/heol-cafe.com\/wp-content\/uploads\/2016\/06\/mauvaises-filles-couv-130x180.jpg 130w\" sizes=\"(max-width: 208px) 100vw, 208px\" \/><figcaption id=\"caption-attachment-400\" class=\"wp-caption-text\">\u00ab\u00a0Mauvaises filles\u00a0\u00bb par Ancco<\/figcaption><\/figure>\n<p>Enfin, pour terminer ce d\u00e9bat, <strong>Kim Hye Gyeong<\/strong>, professeure de langue cor\u00e9enne \u00e0 Aix, explique qu\u2019en Cor\u00e9e il existe des titres honorifiques. Ainsi l\u2019homme n\u2019a pas le droit d\u2019utiliser le pr\u00e9nom de sa femme devant les autres. (Vous l\u2019aurez s\u00fbrement remarqu\u00e9 que dans le drama \u00ab\u00a0<em>Reply 1988<\/em>\u00a0\u00bb, les parents ne s\u2019appellent pas ou tr\u00e8s peu par leur pr\u00e9nom mais plus par \u00ab\u00a0<em>p\u00e8re\/papa de Taekki\u00a0<\/em>(Taekki appa ~)\u00bb \u00ab<em> m\u00e8re\/maman de Jeong Hwan<\/em> (Jeong Hwan eomma ~)\u00bb). Cette tendance est en train de changer et les jeunes s\u2019appellent d\u00e9sormais par leurs pr\u00e9noms. La Cor\u00e9e \u00e9volue beaucoup.<\/p>\n<p>&nbsp;<\/p>\n<p><strong>Bilan\u00a0<\/strong>: J\u2019ai eu grandement l\u2019impression que les auteures parlaient d\u2019avantages d\u2019elles-m\u00eames qu\u2019autres choses. N\u00e9anmoins, \u00e9tant des femmes, elles peuvent y apporter leurs exp\u00e9riences personnelles. Le d\u00e9bat fut assez court et tout n\u2019a pas pu \u00eatre abord\u00e9&#8230; Ce qui fut int\u00e9ressant est l\u2019intervention d\u2019une dame assez \u00e2g\u00e9e qui a insist\u00e9 sur le fait que les femmes cor\u00e9ennes, et asiatiques de mani\u00e8re g\u00e9n\u00e9rale, ne sont pas faibles. Elles sont en effet souvent vues en retrait et soumises par les Occidentaux (et elle l\u2019a souvent entendu). Or bien qu\u2019elles paraissent faibles, elles sont plus fortes qu\u2019on ne le croit. Cela donne \u00e0 r\u00e9fl\u00e9chir&#8230;<\/p>\n<p>&nbsp;<\/p>\n<p style=\"text-align: center;\"><strong>Que pensez-vous de ce d\u00e9bat?<\/strong><\/p>\n<p>&nbsp;<\/p>\n<p>Les intervenants:<\/p>\n<figure id=\"attachment_377\" aria-describedby=\"caption-attachment-377\" style=\"width: 155px\" class=\"wp-caption alignleft\"><img decoding=\"async\" loading=\"lazy\" class=\" wp-image-377\" src=\"http:\/\/heol-cafe.com\/wp-content\/uploads\/2016\/06\/x510_jean-claude_crescenzo_ok.jpg.pagespeed.ic_.2nXAhQHR-P-238x300.jpg\" alt=\"Jean-Claude de Crescenzo\" width=\"155\" height=\"196\" srcset=\"http:\/\/heol-cafe.com\/wp-content\/uploads\/2016\/06\/x510_jean-claude_crescenzo_ok.jpg.pagespeed.ic_.2nXAhQHR-P-238x300.jpg 238w, http:\/\/heol-cafe.com\/wp-content\/uploads\/2016\/06\/x510_jean-claude_crescenzo_ok.jpg.pagespeed.ic_.2nXAhQHR-P-150x189.jpg 150w, http:\/\/heol-cafe.com\/wp-content\/uploads\/2016\/06\/x510_jean-claude_crescenzo_ok.jpg.pagespeed.ic_.2nXAhQHR-P-143x180.jpg 143w, http:\/\/heol-cafe.com\/wp-content\/uploads\/2016\/06\/x510_jean-claude_crescenzo_ok.jpg.pagespeed.ic_.2nXAhQHR-P.jpg 303w\" sizes=\"(max-width: 155px) 100vw, 155px\" \/><figcaption id=\"caption-attachment-377\" class=\"wp-caption-text\">Jean-Claude de Crescenzo<\/figcaption><\/figure>\n<figure id=\"attachment_396\" aria-describedby=\"caption-attachment-396\" style=\"width: 160px\" class=\"wp-caption alignleft\"><img decoding=\"async\" loading=\"lazy\" class=\" wp-image-396\" src=\"http:\/\/heol-cafe.com\/wp-content\/uploads\/2016\/06\/0027-1-242x300.jpg\" alt=\"Eun Hee-Kyung\" width=\"160\" height=\"199\" srcset=\"http:\/\/heol-cafe.com\/wp-content\/uploads\/2016\/06\/0027-1-242x300.jpg 242w, http:\/\/heol-cafe.com\/wp-content\/uploads\/2016\/06\/0027-1-150x186.jpg 150w, http:\/\/heol-cafe.com\/wp-content\/uploads\/2016\/06\/0027-1-145x180.jpg 145w, http:\/\/heol-cafe.com\/wp-content\/uploads\/2016\/06\/0027-1.jpg 498w\" sizes=\"(max-width: 160px) 100vw, 160px\" \/><figcaption id=\"caption-attachment-396\" class=\"wp-caption-text\">Eun Hee-Kyung<\/figcaption><\/figure>\n<figure id=\"attachment_397\" aria-describedby=\"caption-attachment-397\" style=\"width: 149px\" class=\"wp-caption alignleft\"><img decoding=\"async\" loading=\"lazy\" class=\" wp-image-397\" src=\"http:\/\/heol-cafe.com\/wp-content\/uploads\/2016\/06\/AnccoCDR-225x300.jpg\" alt=\"Ancco\" width=\"149\" height=\"199\" srcset=\"http:\/\/heol-cafe.com\/wp-content\/uploads\/2016\/06\/AnccoCDR-225x300.jpg 225w, http:\/\/heol-cafe.com\/wp-content\/uploads\/2016\/06\/AnccoCDR-150x200.jpg 150w, http:\/\/heol-cafe.com\/wp-content\/uploads\/2016\/06\/AnccoCDR-135x180.jpg 135w, http:\/\/heol-cafe.com\/wp-content\/uploads\/2016\/06\/AnccoCDR.jpg 300w\" sizes=\"(max-width: 149px) 100vw, 149px\" \/><figcaption id=\"caption-attachment-397\" class=\"wp-caption-text\">Ancco<\/figcaption><\/figure>\n<figure id=\"attachment_398\" aria-describedby=\"caption-attachment-398\" style=\"width: 166px\" class=\"wp-caption alignleft\"><img decoding=\"async\" loading=\"lazy\" class=\" wp-image-398\" src=\"http:\/\/heol-cafe.com\/wp-content\/uploads\/2016\/06\/489635-20150419-185053-580x310-kim-hye-gyeong-248x300.jpg\" alt=\"Kim Hye-Gyeong\" width=\"166\" height=\"201\" srcset=\"http:\/\/heol-cafe.com\/wp-content\/uploads\/2016\/06\/489635-20150419-185053-580x310-kim-hye-gyeong-248x300.jpg 248w, http:\/\/heol-cafe.com\/wp-content\/uploads\/2016\/06\/489635-20150419-185053-580x310-kim-hye-gyeong-150x182.jpg 150w, http:\/\/heol-cafe.com\/wp-content\/uploads\/2016\/06\/489635-20150419-185053-580x310-kim-hye-gyeong-149x180.jpg 149w, http:\/\/heol-cafe.com\/wp-content\/uploads\/2016\/06\/489635-20150419-185053-580x310-kim-hye-gyeong.jpg 255w\" sizes=\"(max-width: 166px) 100vw, 166px\" \/><figcaption id=\"caption-attachment-398\" class=\"wp-caption-text\">Kim Hye-Gyeong<\/figcaption><\/figure>\n","protected":false},"excerpt":{"rendered":"<p>Cet article concernant la femme cor\u00e9enne\u00a0fait suite au premier concernant les jeunes cor\u00e9ens que vous pouvez retrouver ici. &nbsp; Le 24 dernier, nous avons assist\u00e9 \u00e0 un d\u00e9bat sur les repr\u00e9sentations et les r\u00e9alit\u00e9s de la femme cor\u00e9enne. Toujours pr\u00e9sid\u00e9 par Jean-Claude de Crescenzo, nous allons ici vous faire partager les propos ressortis lors de<\/p>\n","protected":false},"author":3,"featured_media":394,"comment_status":"open","ping_status":"open","sticky":false,"template":"","format":"standard","meta":{"sfsi_plus_gutenberg_text_before_share":"","sfsi_plus_gutenberg_show_text_before_share":"","sfsi_plus_gutenberg_icon_type":"","sfsi_plus_gutenberg_icon_alignemt":"","sfsi_plus_gutenburg_max_per_row":""},"categories":[10,1],"tags":[91,77,90,89,79,73],"yoast_head":"<!-- This site is optimized with the Yoast SEO plugin v15.6.2 - https:\/\/yoast.com\/wordpress\/plugins\/seo\/ -->\n<title>conferences-femmes-coreennes-paris-2016<\/title>\n<meta name=\"description\" content=\"Trois auteures cor\u00e9ennes d\u00e9crivent leur ressenti quant \u00e0 la place de la femme en Cor\u00e9e du Sud. D\u00e9couvrez un r\u00e9sum\u00e9 de leur conf\u00e9rence \u00e0 Paris.\" \/>\n<meta name=\"robots\" content=\"index, follow, max-snippet:-1, max-image-preview:large, max-video-preview:-1\" \/>\n<link rel=\"canonical\" href=\"http:\/\/heol-cafe.com\/index.php\/2016\/07\/10\/debat-femmes-coreennes\/\" \/>\n<meta property=\"og:locale\" content=\"fr_FR\" \/>\n<meta property=\"og:type\" content=\"article\" \/>\n<meta property=\"og:title\" content=\"conferences-femmes-coreennes-paris-2016\" \/>\n<meta property=\"og:description\" content=\"Trois auteures cor\u00e9ennes d\u00e9crivent leur ressenti quant \u00e0 la place de la femme en Cor\u00e9e du Sud. D\u00e9couvrez un r\u00e9sum\u00e9 de leur conf\u00e9rence \u00e0 Paris.\" \/>\n<meta property=\"og:url\" content=\"http:\/\/heol-cafe.com\/index.php\/2016\/07\/10\/debat-femmes-coreennes\/\" \/>\n<meta property=\"og:site_name\" content=\"Heol Caf\u00e9\" \/>\n<meta property=\"article:publisher\" content=\"https:\/\/www.facebook.com\/heolcafe\/\" \/>\n<meta property=\"article:published_time\" content=\"2016-07-10T21:51:42+00:00\" \/>\n<meta property=\"article:modified_time\" content=\"2016-07-10T22:07:42+00:00\" \/>\n<meta property=\"og:image\" content=\"http:\/\/heol-cafe.com\/wp-content\/uploads\/2016\/06\/femmes-corennes-1-1024x548.jpg\" \/>\n\t<meta property=\"og:image:width\" content=\"1024\" \/>\n\t<meta property=\"og:image:height\" content=\"548\" \/>\n<meta name=\"twitter:card\" content=\"summary\" \/>\n<meta name=\"twitter:creator\" content=\"@HeolCafe\" \/>\n<meta name=\"twitter:site\" content=\"@HeolCafe\" \/>\n<meta name=\"twitter:label1\" content=\"Dur\u00e9e de lecture est.\">\n\t<meta name=\"twitter:data1\" content=\"6 minutes\">\n<script type=\"application\/ld+json\" class=\"yoast-schema-graph\">{\"@context\":\"https:\/\/schema.org\",\"@graph\":[{\"@type\":\"WebSite\",\"@id\":\"https:\/\/heol-cafe.com\/#website\",\"url\":\"https:\/\/heol-cafe.com\/\",\"name\":\"Heol Caf\\u00e9\",\"description\":\"Quand la Cor\\u00e9e nous surprend !\",\"potentialAction\":[{\"@type\":\"SearchAction\",\"target\":\"https:\/\/heol-cafe.com\/?s={search_term_string}\",\"query-input\":\"required name=search_term_string\"}],\"inLanguage\":\"fr-FR\"},{\"@type\":\"ImageObject\",\"@id\":\"http:\/\/heol-cafe.com\/index.php\/2016\/07\/10\/debat-femmes-coreennes\/#primaryimage\",\"inLanguage\":\"fr-FR\",\"url\":\"http:\/\/heol-cafe.com\/wp-content\/uploads\/2016\/06\/femmes-corennes-1.jpg\",\"width\":7292,\"height\":3899},{\"@type\":\"WebPage\",\"@id\":\"http:\/\/heol-cafe.com\/index.php\/2016\/07\/10\/debat-femmes-coreennes\/#webpage\",\"url\":\"http:\/\/heol-cafe.com\/index.php\/2016\/07\/10\/debat-femmes-coreennes\/\",\"name\":\"conferences-femmes-coreennes-paris-2016\",\"isPartOf\":{\"@id\":\"https:\/\/heol-cafe.com\/#website\"},\"primaryImageOfPage\":{\"@id\":\"http:\/\/heol-cafe.com\/index.php\/2016\/07\/10\/debat-femmes-coreennes\/#primaryimage\"},\"datePublished\":\"2016-07-10T21:51:42+00:00\",\"dateModified\":\"2016-07-10T22:07:42+00:00\",\"author\":{\"@id\":\"https:\/\/heol-cafe.com\/#\/schema\/person\/12195dbd97c41a4954ab944c08c8c585\"},\"description\":\"Trois auteures cor\\u00e9ennes d\\u00e9crivent leur ressenti quant \\u00e0 la place de la femme en Cor\\u00e9e du Sud. D\\u00e9couvrez un r\\u00e9sum\\u00e9 de leur conf\\u00e9rence \\u00e0 Paris.\",\"inLanguage\":\"fr-FR\",\"potentialAction\":[{\"@type\":\"ReadAction\",\"target\":[\"http:\/\/heol-cafe.com\/index.php\/2016\/07\/10\/debat-femmes-coreennes\/\"]}]},{\"@type\":\"Person\",\"@id\":\"https:\/\/heol-cafe.com\/#\/schema\/person\/12195dbd97c41a4954ab944c08c8c585\",\"name\":\"Chai Latte\",\"image\":{\"@type\":\"ImageObject\",\"@id\":\"https:\/\/heol-cafe.com\/#personlogo\",\"inLanguage\":\"fr-FR\",\"url\":\"http:\/\/0.gravatar.com\/avatar\/070789a65d4d8f1589207a58ef15f341?s=96&d=mm&r=g\",\"caption\":\"Chai Latte\"},\"description\":\"Le Chai c'est la vie!^^ Bon certes c'est plus indien mais j'aime tout ce qui touche \\u00e0 l'Asie et en particulier la Cor\\u00e9e du Sud. Je d\\u00e9couvre encore des nouvelles choses et j'esp\\u00e8re pouvoir vous en parler \\u00e0 travers ce blog!\",\"sameAs\":[\"http:\/\/www.heol-cafe.com\"]}]}<\/script>\n<!-- \/ Yoast SEO plugin. -->","_links":{"self":[{"href":"http:\/\/heol-cafe.com\/index.php\/wp-json\/wp\/v2\/posts\/380"}],"collection":[{"href":"http:\/\/heol-cafe.com\/index.php\/wp-json\/wp\/v2\/posts"}],"about":[{"href":"http:\/\/heol-cafe.com\/index.php\/wp-json\/wp\/v2\/types\/post"}],"author":[{"embeddable":true,"href":"http:\/\/heol-cafe.com\/index.php\/wp-json\/wp\/v2\/users\/3"}],"replies":[{"embeddable":true,"href":"http:\/\/heol-cafe.com\/index.php\/wp-json\/wp\/v2\/comments?post=380"}],"version-history":[{"count":8,"href":"http:\/\/heol-cafe.com\/index.php\/wp-json\/wp\/v2\/posts\/380\/revisions"}],"predecessor-version":[{"id":422,"href":"http:\/\/heol-cafe.com\/index.php\/wp-json\/wp\/v2\/posts\/380\/revisions\/422"}],"wp:featuredmedia":[{"embeddable":true,"href":"http:\/\/heol-cafe.com\/index.php\/wp-json\/wp\/v2\/media\/394"}],"wp:attachment":[{"href":"http:\/\/heol-cafe.com\/index.php\/wp-json\/wp\/v2\/media?parent=380"}],"wp:term":[{"taxonomy":"category","embeddable":true,"href":"http:\/\/heol-cafe.com\/index.php\/wp-json\/wp\/v2\/categories?post=380"},{"taxonomy":"post_tag","embeddable":true,"href":"http:\/\/heol-cafe.com\/index.php\/wp-json\/wp\/v2\/tags?post=380"}],"curies":[{"name":"wp","href":"https:\/\/api.w.org\/{rel}","templated":true}]}}