{"id":2210,"date":"2020-07-28T10:58:45","date_gmt":"2020-07-28T09:58:45","guid":{"rendered":"http:\/\/heol-cafe.com\/?p=2210"},"modified":"2020-07-28T10:58:54","modified_gmt":"2020-07-28T09:58:54","slug":"dossier-pvt-sante-les-vaccins","status":"publish","type":"post","link":"http:\/\/heol-cafe.com\/index.php\/2020\/07\/28\/dossier-pvt-sante-les-vaccins\/","title":{"rendered":"[Dossier PVT] La sant\u00e9 2 : les vaccins"},"content":{"rendered":"\n<p>Avant de partir \u00e0 l\u2019\u00e9tranger, il est toujours important de v\u00e9rifier les vaccins obligatoires du ou des pays \u00e0 visiter. La Cor\u00e9e du Sud ne fait pas exception ! Voici donc quelques informations importantes, ainsi que mon exp\u00e9rience sur le sujet. <\/p>\n\n\n\n<p><em>Petit disclaimer : toujours <em>demander<\/em><\/em> <em>l&rsquo;avis du m\u00e9decin. Cet article traite principalement de mon exp\u00e9rience et de mon opinion sur la question des vaccins. <\/em><\/p>\n\n\n\n<h2 class=\"wp-block-heading\"><strong>Quels vaccins&nbsp;?<\/strong><\/h2>\n\n\n\n<p>Il existe des <strong>vaccins obligatoires<\/strong> et des <strong>vaccins recommand\u00e9s<\/strong>. Les vaccins obligatoires sont les m\u00eames qu\u2019en France, petit rappel sur le<a rel=\"noreferrer noopener\" href=\"https:\/\/www.pasteur.fr\/fr\/centre-medical\/vaccination\/calendrier-vaccinal\" target=\"_blank\"> site de l\u2019Institut Pasteur<\/a>. A ceci s\u2019ajoute l\u2019h\u00e9patite A.<\/p>\n\n\n\n<p>En ce qui concerne les <a rel=\"noreferrer noopener\" href=\"https:\/\/www.pasteur.fr\/fr\/centre-medical\/preparer-son-voyage\/coree-du-sud\" target=\"_blank\">vaccins recommand\u00e9s<\/a>&nbsp;: l\u2019h\u00e9patite B, l\u2019enc\u00e9phalite japonaise, la typho\u00efde, et la rage. <\/p>\n\n\n\n<p>Il faut l\u2019avouer, il est surprenant de voir qu\u2019il est recommand\u00e9 de faire le vaccin contre la rage. La Cor\u00e9e du Sud a \u00e9t\u00e9 exempte, comme la France, de rage depuis longtemps. Mais depuis quelques ann\u00e9es, il y a une r\u00e9surgence de cas chez les animaux, notamment les ratons-laveurs, provenant de la zone d\u00e9militaris\u00e9e (DMZ) et des r\u00e9gions du Nord de la Cor\u00e9e du Sud. Derni\u00e8rement aucun cas de rage chez l\u2019humain <span class=\"has-inline-color has-black-color\">n&rsquo;a \u00e9t\u00e9 d\u00e9tect\u00e9<\/span>. (<a rel=\"noreferrer noopener\" href=\"https:\/\/www.oie.int\/eng\/A_RABIES\/presentations_rage\/S1-8%20CaseReport%20Korea_DrYang.pdf\" target=\"_blank\">source<\/a>)<\/p>\n\n\n\n<p>L\u2019institut Pasteur ajoute \u00e9galement un traitement contre le paludisme car il existe un risque dans les r\u00e9gions du Nord du pays.<\/p>\n\n\n\n<h2 class=\"wp-block-heading\"><strong>Mon carnet vaccinal<\/strong>, ma d\u00e9cision<\/h2>\n\n\n\n<p>Me concernant, j\u2019ai opt\u00e9 pour <strong>tout faire <\/strong>hormis les vaccins obligatoires en France (puisque je suis \u00e0 jour) et le traitement contre le paludisme. On ne vous demandera jamais \u00e0 la douane si vous avez fait tous vos vaccins. Ce n\u2019est pas une obligation pour obtenir le visa mais j\u2019estime qu\u2019il est important de se vacciner. Les vaccins nous prot\u00e8gent des maladies et, par extension, prot\u00e8gent les autres.<\/p>\n\n\n\n<p>D\u2019un point de vue personnel, j\u2019avais pr\u00e9vu de bouger hors de Cor\u00e9e o\u00f9 ces vaccins sont aussi recommand\u00e9s. Mais c\u2019\u00e9tait avant le Covid-19\u2026 De plus, je sais comment mon corps r\u00e9agit aux diff\u00e9rents traitements m\u00e9dicamenteux et je sais que je supporte bien les vaccins. &nbsp;<\/p>\n\n\n\n<div class=\"wp-block-image\"><figure class=\"aligncenter size-large is-resized\"><img decoding=\"async\" loading=\"lazy\" src=\"http:\/\/heol-cafe.com\/wp-content\/uploads\/2019\/10\/carnet-vaccinal-international-780x1024.jpg\" alt=\"carnet international de vaccination\" class=\"wp-image-2321\" width=\"307\" height=\"403\"\/><figcaption>Mon carnet de vaccination international<\/figcaption><\/figure><\/div>\n\n\n\n<h2 class=\"wp-block-heading\"><strong>Comment, o\u00f9 et combien&nbsp;?<\/strong><\/h2>\n\n\n\n<p>Les vaccins consistent g\u00e9n\u00e9ralement en 1 \u00e0 3 injections r\u00e9parties sur une semaine \u00e0 6 mois. Je vous conseille donc de vous y prendre au moins 7 mois \u00e0 l\u2019avance, voire m\u00eame 8 mois.<\/p>\n\n\n\n<p>Il existe plusieurs centres de vaccinations et notamment, pour ne citer les plus connus&nbsp;: le <strong>Centre de vaccination Air France<\/strong> et <strong>l\u2019institut Pasteur<\/strong>. Vous pouvez \u00e9galement aller aux <strong>h\u00f4pitaux<\/strong> ayant un b\u00e2timent consacr\u00e9 aux maladies \u00e0 l\u2019international.<\/p>\n\n\n\n<p>Je vous conseille cette derni\u00e8re option car les h\u00f4pitaux ne font pas de b\u00e9n\u00e9fices sur les vaccins et vous les paierez au prix d\u2019origine. Les centres priv\u00e9s ajoutent entre 10\u20ac et 30\u20ac sur les prix d\u2019origine. Il faudra cependant prendre rendez-vous (ce n\u2019est parfois pas obligatoire pour les centres priv\u00e9s) suffisamment t\u00f4t puisque le cr\u00e9neau pour le 1<sup>er<\/sup> rendez-vous peut prendre jusqu\u2019\u00e0 1 mois. Les h\u00f4pitaux disposent seulement d\u2019une ou deux journ\u00e9es pour ce genre de consultation, voire des demi-journ\u00e9es. Les premi\u00e8res injections seront r\u00e9alis\u00e9es le m\u00eame jour et d&rsquo;autres rendez-vous seront programm\u00e9s dans la foul\u00e9e pour faire les autres injections.<\/p>\n\n\n\n<p>Voici un r\u00e9capitulatif des prix et du nombre d\u2019injections&nbsp;:<\/p>\n\n\n\n<figure class=\"wp-block-table\"><table><tbody><tr><td><strong><span style=\"color:#8b0608\" class=\"has-inline-color\">PRIX par injection<\/span><\/strong><\/td><td class=\"has-text-align-center\" data-align=\"center\"><strong>Saint-Louis<\/strong><\/td><td class=\"has-text-align-center\" data-align=\"center\"><strong>Air France (1<sup>er<\/sup> mai 2019)<\/strong><\/td><td><strong><span class=\"has-inline-color has-very-dark-gray-color\">Autres informations<\/span><\/strong><\/td><\/tr><tr><td><strong>Typho\u00efde<\/strong><\/td><td class=\"has-text-align-center\" data-align=\"center\">25,50 \u20ac<\/td><td class=\"has-text-align-center\" data-align=\"center\">50 \u20ac<\/td><td>Non-rembours\u00e9, 1 injection<\/td><\/tr><tr><td><strong>H\u00e9patite A<\/strong><\/td><td class=\"has-text-align-center\" data-align=\"center\">18,98 \u20ac<\/td><td class=\"has-text-align-center\" data-align=\"center\">55 \u20ac<\/td><td>Rembours\u00e9, 2 injections(J0, M6), ensuite c\u2019est \u00e0 vie&nbsp;!<\/td><\/tr><tr><td><strong>H\u00e9patite B<\/strong><\/td><td class=\"has-text-align-center\" data-align=\"center\">6,94 \u20ac<\/td><td class=\"has-text-align-center\" data-align=\"center\">35 \u20ac<\/td><td>Rembours\u00e9, 3 injections (J0, M1, M6)<\/td><\/tr><tr><td><strong>H\u00e9patite A et B<\/strong><\/td><td class=\"has-text-align-center\" data-align=\"center\">19,20 \u20ac<\/td><td class=\"has-text-align-center\" data-align=\"center\">60 \u20ac<\/td><td>Non-rembours\u00e9 donc je conseille de les s\u00e9parer.<\/td><\/tr><tr><td><strong>Enc\u00e9phalite jap<\/strong><\/td><td class=\"has-text-align-center\" data-align=\"center\">68,50 \u20ac<\/td><td class=\"has-text-align-center\" data-align=\"center\">105 \u20ac<\/td><td>Non-rembours\u00e9, 2 injections (j0, J28)<\/td><\/tr><tr><td><strong>Rage<\/strong><\/td><td class=\"has-text-align-center\" data-align=\"center\">32 \u20ac<\/td><td class=\"has-text-align-center\" data-align=\"center\">55\u20ac<\/td><td>Non-rembours\u00e9, 2 injections (J0 et J7)<\/td><\/tr><\/tbody><\/table><figcaption>Tableau regroupant les prix des vaccins par injection<\/figcaption><\/figure>\n\n\n\n<p>Comme vous pouvez le voir sur ce tableau, il faut pr\u00e9voir un \u00ab&nbsp;budget vaccin&nbsp;\u00bb, sachant que la plupart ne sont pas rembours\u00e9s par la s\u00e9curit\u00e9 sociale.<\/p>\n\n\n\n<p>Au total, si les vaccins sont fait \u00e0 l\u2019h\u00f4pital cela reviendrait \u00e0 285,28\u20ac (sans compter les remboursements de la s\u00e9curit\u00e9 sociale) alors qu\u2019avec le centre Air France cela monterait vite \u00e0 585\u20ac\u2026<\/p>\n\n\n\n<p><\/p>\n\n\n\n<h2 class=\"wp-block-heading\">Mon exp\u00e9rience<\/h2>\n\n\n\n<p>J&rsquo;ai pr\u00e9f\u00e9r\u00e9 r\u00e9aliser les vaccins en h\u00f4pital. Le premier rendez-vous doit se passer forc\u00e9ment un seul jour pr\u00e9cis dans la semaine (dans mon cas, le lundi) afin de voir avec le m\u00e9decin, ou l&rsquo;infirmi\u00e8re en charge, quels vaccins sont recommand\u00e9s. A l&rsquo;h\u00f4pital Saint-Louis \u00e0 Paris, il y a un mois d&rsquo;attente entre la prise de rendez-vous et le rendez-vous m\u00eame. <\/p>\n\n\n\n<p>Le jour venu, je me pr\u00e9sente \u00e0 l&rsquo;accueil. J&rsquo;attends tr\u00e8s peu de temps avant qu&rsquo;on m&rsquo;appelle. Je vois avec l&rsquo;infirmi\u00e8re en charge les vaccins recommand\u00e9s par l&rsquo;institut Pasteur (oui oui, nous avons regard\u00e9 sur le site internet) et elle le valide avec le m\u00e9decin qualifi\u00e9. Au d\u00e9part, je n&rsquo;ai pas pens\u00e9 n\u00e9cessaire de faire la rage. Les premi\u00e8res injections sont faites le jour m\u00eame. Deux autres rendez-vous sont programm\u00e9s: le premier rappel 1 mois plus tard et un second 6 mois plus tard. Cette fois-ci, ce n&rsquo;est pas forc\u00e9ment un lundi (ce qui est cool). <\/p>\n\n\n\n<div class=\"wp-block-image\"><figure class=\"aligncenter size-large is-resized\"><img decoding=\"async\" loading=\"lazy\" src=\"http:\/\/heol-cafe.com\/wp-content\/uploads\/2019\/10\/IMG_20190822_192250-768x1024.jpg\" alt=\"liste des vaccins\" class=\"wp-image-2322\" width=\"308\" height=\"410\"\/><figcaption>Listes des diff\u00e9rents vaccins<\/figcaption><\/figure><\/div>\n\n\n\n<p>Au deuxi\u00e8me rendez-vous, comme pr\u00e9c\u00e9demment, j&rsquo;attends moins de 5 minutes avant qu&rsquo;on m&rsquo;appelle et qu&rsquo;on me fasse les injections directement. Cette fois-ci pas besoin de revoir la personne en charge.<\/p>\n\n\n\n<p>Entre temps, je vois une amie qui a fait du Wwoofing en Cor\u00e9e du Sud et m&rsquo;avait vivement recommand\u00e9e de faire le vaccin contre la rage. Je me rend compte aujourd&rsquo;hui que ce n&rsquo;\u00e9tait pas forc\u00e9ment n\u00e9cessaire, mais la vie peut \u00eatre faite de (<s>mauvaises<\/s>) surprises&#8230; <\/p>\n\n\n\n<p>Dans un premier temps, j&rsquo;ai voulu le faire avec l&rsquo;h\u00f4pital mais je me suis prise trop tard et j&rsquo;ai d\u00fb me retourner vers le Centre de vaccination Air France. Je prends donc rendez-vous avec un peu de difficult\u00e9 car il n&rsquo;y a pas beaucoup de plages horaires de libre. Le jour du rendez-vous au centre de vaccination, je prends un ticket, puis je me fais enregistr\u00e9e sur leur base de donn\u00e9es. C&rsquo;\u00e9tait dr\u00f4le de savoir qu&rsquo;ils avaient encore mon dossier de 2013 pour mon s\u00e9jour \u00e0 Hong Kong. Je suis rapidement pris en charge par le m\u00e9decin, lui explique la situation et elle me fait l&rsquo;injection. Dans mon cas, je devais faire le rappel une semaine plus tard. Elle me donne alors un papier qui me permet de ne pas attendre au 2\u00e8me rendez-vous pour r\u00e9aliser la 2\u00e8me injection. <\/p>\n\n\n\n<p>Enfin, dernier rendez-vous \u00e0 l&rsquo;h\u00f4pital, 3 jours avant le Grand D\u00e9part, l&rsquo;infirmi\u00e8re m&rsquo;injecte les derniers rappels. Et Voil\u00e0!<\/p>\n\n\n\n<div class=\"wp-block-image\"><figure class=\"aligncenter size-large is-resized\"><img decoding=\"async\" loading=\"lazy\" src=\"http:\/\/heol-cafe.com\/wp-content\/uploads\/2019\/10\/carnet-vacc-int-1-1024x811.jpg\" alt=\"pages du carnet de vaccination internationale\" class=\"wp-image-2319\" width=\"433\" height=\"342\"\/><figcaption>Une des pages de mon carnet de vaccination international<\/figcaption><\/figure><\/div>\n\n\n\n<p>Au niveau de la douleur, seul le vaccin contre l&rsquo;H\u00e9patite B \u00e9tait douloureux. C&rsquo;est le plus douloureux de tous. Autrement, pour les autres, hormis une petite fatigue dans la journ\u00e9e et le bras un peu douloureux, je n&rsquo;ai rien ressenti de particulier.<\/p>\n\n\n\n<p><em>A savoir pour le paiement, lorsque les vaccins sont faits \u00e0 l&rsquo;h\u00f4pital <\/em>: la facture est envoy\u00e9e au domicile \u00e0 peu pr\u00e8s un mois plus tard et peut \u00eatre pay\u00e9e par internet. N\u00e9anmoins pour les derni\u00e8res injections, comme je partais rapidement apr\u00e8s,  j&rsquo;ai pu demand\u00e9 de payer le jour m\u00eame. Pour cela ils donnent la facture en main propre et elle doit \u00eatre pay\u00e9e \u00e0 la caisse de l&rsquo;h\u00f4pital.<\/p>\n\n\n\n<h2 class=\"wp-block-heading\">Mots de la fin<\/h2>\n\n\n\n<p>Il faut savoir, apr\u00e8s constat aupr\u00e8s de plusieurs pvtistes, que pour les fran\u00e7ais les autorit\u00e9s cor\u00e9ennes ne sont pas regardantes sur la question des vaccins. Contrairement \u00e0 l&rsquo;Allemagne o\u00f9 c&rsquo;est un pr\u00e9-requis pour l&rsquo;obtention du visa. Cette diff\u00e9rence est probablement due au fait qu&rsquo;en France la vaccination contre certaines maladies est obligatoire contrairement \u00e0 l&rsquo;Allemagne, o\u00f9 vous avez le libre choix de le faire ou non.<\/p>\n\n\n\n<p>En tant que fran\u00e7ais, il n&rsquo;y a donc pas \u00e0 stresser sur ce sujet, en particulier si vous n&rsquo;\u00eates pas favorable \u00e0 la vaccination. <\/p>\n\n\n\n<p><\/p>\n\n\n\n<p class=\"has-text-align-center\"><strong>Ainsi s&rsquo;ach\u00e8ve mon article et j&rsquo;esp\u00e8re qu&rsquo;il sera utile et r\u00e9pondra aux questions li\u00e9es aux vaccins pour la Cor\u00e9e du Sud.<\/strong><\/p>\n\n\n\n<p class=\"has-text-align-center\"><strong>Et vous, feriez-vous les vaccins recommand\u00e9s ?<\/strong><\/p>\n\n\n\n<p><\/p>\n\n\n\n<p><em><span class=\"has-inline-color has-cyan-bluish-gray-color\">Source photo de couverture : Pixabay, par Darko Stojanovic <\/span><\/em><\/p>\n","protected":false},"excerpt":{"rendered":"<p>Avant de partir \u00e0 l\u2019\u00e9tranger, il est toujours important de v\u00e9rifier les vaccins obligatoires du ou des pays \u00e0 visiter. La Cor\u00e9e du Sud ne fait pas exception ! Voici donc quelques informations importantes, ainsi que mon exp\u00e9rience sur le sujet. Petit disclaimer : toujours demander l&rsquo;avis du m\u00e9decin. Cet article traite principalement de mon<\/p>\n","protected":false},"author":3,"featured_media":2323,"comment_status":"open","ping_status":"open","sticky":false,"template":"","format":"standard","meta":{"sfsi_plus_gutenberg_text_before_share":"","sfsi_plus_gutenberg_show_text_before_share":"","sfsi_plus_gutenberg_icon_type":"","sfsi_plus_gutenberg_icon_alignemt":"","sfsi_plus_gutenburg_max_per_row":""},"categories":[112],"tags":[100,127,278],"yoast_head":"<!-- This site is optimized with the Yoast SEO plugin v15.6.2 - https:\/\/yoast.com\/wordpress\/plugins\/seo\/ -->\n<title>[Dossier PVT] La sant\u00e9 2 : les vaccins - Heol Caf\u00e9<\/title>\n<meta name=\"description\" content=\"Quels sont les vaccins recommand\u00e9s et obligatoires avant de partir en Cor\u00e9e du Sud? Cet article vous informe sur le sujet et sur mon exp\u00e9rience.\" \/>\n<meta name=\"robots\" content=\"index, follow, max-snippet:-1, max-image-preview:large, max-video-preview:-1\" \/>\n<link rel=\"canonical\" href=\"https:\/\/heol-cafe.com\/index.php\/2020\/07\/28\/dossier-pvt-sante-les-vaccins\/\" \/>\n<meta property=\"og:locale\" content=\"fr_FR\" \/>\n<meta property=\"og:type\" content=\"article\" \/>\n<meta property=\"og:title\" content=\"[Dossier PVT] La sant\u00e9 2 : les vaccins - Heol Caf\u00e9\" \/>\n<meta property=\"og:description\" content=\"Quels sont les vaccins recommand\u00e9s et obligatoires avant de partir en Cor\u00e9e du Sud? Cet article vous informe sur le sujet et sur mon exp\u00e9rience.\" \/>\n<meta property=\"og:url\" content=\"https:\/\/heol-cafe.com\/index.php\/2020\/07\/28\/dossier-pvt-sante-les-vaccins\/\" \/>\n<meta property=\"og:site_name\" content=\"Heol Caf\u00e9\" \/>\n<meta property=\"article:publisher\" content=\"https:\/\/www.facebook.com\/heolcafe\/\" \/>\n<meta property=\"article:published_time\" content=\"2020-07-28T09:58:45+00:00\" \/>\n<meta property=\"article:modified_time\" content=\"2020-07-28T09:58:54+00:00\" \/>\n<meta property=\"og:image\" content=\"http:\/\/heol-cafe.com\/wp-content\/uploads\/2019\/10\/medical-563427_1280-darkostojanovic-e1591702656411.jpg\" \/>\n\t<meta property=\"og:image:width\" content=\"700\" \/>\n\t<meta property=\"og:image:height\" content=\"466\" \/>\n<meta name=\"twitter:card\" content=\"summary\" \/>\n<meta name=\"twitter:creator\" content=\"@HeolCafe\" \/>\n<meta name=\"twitter:site\" content=\"@HeolCafe\" \/>\n<meta name=\"twitter:label1\" content=\"Dur\u00e9e de lecture est.\">\n\t<meta name=\"twitter:data1\" content=\"7 minutes\">\n<script type=\"application\/ld+json\" class=\"yoast-schema-graph\">{\"@context\":\"https:\/\/schema.org\",\"@graph\":[{\"@type\":\"WebSite\",\"@id\":\"https:\/\/heol-cafe.com\/#website\",\"url\":\"https:\/\/heol-cafe.com\/\",\"name\":\"Heol Caf\\u00e9\",\"description\":\"Quand la Cor\\u00e9e nous surprend !\",\"potentialAction\":[{\"@type\":\"SearchAction\",\"target\":\"https:\/\/heol-cafe.com\/?s={search_term_string}\",\"query-input\":\"required name=search_term_string\"}],\"inLanguage\":\"fr-FR\"},{\"@type\":\"ImageObject\",\"@id\":\"https:\/\/heol-cafe.com\/index.php\/2020\/07\/28\/dossier-pvt-sante-les-vaccins\/#primaryimage\",\"inLanguage\":\"fr-FR\",\"url\":\"http:\/\/heol-cafe.com\/wp-content\/uploads\/2019\/10\/medical-563427_1280-darkostojanovic-e1591702656411.jpg\",\"width\":700,\"height\":466},{\"@type\":\"WebPage\",\"@id\":\"https:\/\/heol-cafe.com\/index.php\/2020\/07\/28\/dossier-pvt-sante-les-vaccins\/#webpage\",\"url\":\"https:\/\/heol-cafe.com\/index.php\/2020\/07\/28\/dossier-pvt-sante-les-vaccins\/\",\"name\":\"[Dossier PVT] La sant\\u00e9 2 : les vaccins - Heol Caf\\u00e9\",\"isPartOf\":{\"@id\":\"https:\/\/heol-cafe.com\/#website\"},\"primaryImageOfPage\":{\"@id\":\"https:\/\/heol-cafe.com\/index.php\/2020\/07\/28\/dossier-pvt-sante-les-vaccins\/#primaryimage\"},\"datePublished\":\"2020-07-28T09:58:45+00:00\",\"dateModified\":\"2020-07-28T09:58:54+00:00\",\"author\":{\"@id\":\"https:\/\/heol-cafe.com\/#\/schema\/person\/12195dbd97c41a4954ab944c08c8c585\"},\"description\":\"Quels sont les vaccins recommand\\u00e9s et obligatoires avant de partir en Cor\\u00e9e du Sud? Cet article vous informe sur le sujet et sur mon exp\\u00e9rience.\",\"inLanguage\":\"fr-FR\",\"potentialAction\":[{\"@type\":\"ReadAction\",\"target\":[\"https:\/\/heol-cafe.com\/index.php\/2020\/07\/28\/dossier-pvt-sante-les-vaccins\/\"]}]},{\"@type\":\"Person\",\"@id\":\"https:\/\/heol-cafe.com\/#\/schema\/person\/12195dbd97c41a4954ab944c08c8c585\",\"name\":\"Chai Latte\",\"image\":{\"@type\":\"ImageObject\",\"@id\":\"https:\/\/heol-cafe.com\/#personlogo\",\"inLanguage\":\"fr-FR\",\"url\":\"http:\/\/0.gravatar.com\/avatar\/070789a65d4d8f1589207a58ef15f341?s=96&d=mm&r=g\",\"caption\":\"Chai Latte\"},\"description\":\"Le Chai c'est la vie!^^ Bon certes c'est plus indien mais j'aime tout ce qui touche \\u00e0 l'Asie et en particulier la Cor\\u00e9e du Sud. Je d\\u00e9couvre encore des nouvelles choses et j'esp\\u00e8re pouvoir vous en parler \\u00e0 travers ce blog!\",\"sameAs\":[\"http:\/\/www.heol-cafe.com\"]}]}<\/script>\n<!-- \/ Yoast SEO plugin. -->","_links":{"self":[{"href":"http:\/\/heol-cafe.com\/index.php\/wp-json\/wp\/v2\/posts\/2210"}],"collection":[{"href":"http:\/\/heol-cafe.com\/index.php\/wp-json\/wp\/v2\/posts"}],"about":[{"href":"http:\/\/heol-cafe.com\/index.php\/wp-json\/wp\/v2\/types\/post"}],"author":[{"embeddable":true,"href":"http:\/\/heol-cafe.com\/index.php\/wp-json\/wp\/v2\/users\/3"}],"replies":[{"embeddable":true,"href":"http:\/\/heol-cafe.com\/index.php\/wp-json\/wp\/v2\/comments?post=2210"}],"version-history":[{"count":30,"href":"http:\/\/heol-cafe.com\/index.php\/wp-json\/wp\/v2\/posts\/2210\/revisions"}],"predecessor-version":[{"id":2402,"href":"http:\/\/heol-cafe.com\/index.php\/wp-json\/wp\/v2\/posts\/2210\/revisions\/2402"}],"wp:featuredmedia":[{"embeddable":true,"href":"http:\/\/heol-cafe.com\/index.php\/wp-json\/wp\/v2\/media\/2323"}],"wp:attachment":[{"href":"http:\/\/heol-cafe.com\/index.php\/wp-json\/wp\/v2\/media?parent=2210"}],"wp:term":[{"taxonomy":"category","embeddable":true,"href":"http:\/\/heol-cafe.com\/index.php\/wp-json\/wp\/v2\/categories?post=2210"},{"taxonomy":"post_tag","embeddable":true,"href":"http:\/\/heol-cafe.com\/index.php\/wp-json\/wp\/v2\/tags?post=2210"}],"curies":[{"name":"wp","href":"https:\/\/api.w.org\/{rel}","templated":true}]}}